{"id":683,"date":"2014-02-03T13:59:31","date_gmt":"2014-02-03T13:59:31","guid":{"rendered":"http:\/\/lolalafon.toile-libre.org\/presse\/?p=683"},"modified":"2015-06-03T16:36:01","modified_gmt":"2015-06-03T15:36:01","slug":"rtbf-be-video-livres-a-domicile","status":"publish","type":"post","link":"https:\/\/lolalafon.toile-libre.org\/presse\/?p=683","title":{"rendered":"RTBF.be vid\u00e9o &#8211; Livr\u00e9s \u00e0 domicile"},"content":{"rendered":"<p><img loading=\"lazy\" decoding=\"async\" width=\"136\" height=\"74\" class=\"alignleft  wp-image-684\" alt=\"rtbf.be-logo\" src=\"http:\/\/lolalafon.toile-libre.org\/presse\/wp-content\/uploads\/2014\/04\/rtbf.be-logo1.png\" srcset=\"https:\/\/lolalafon.toile-libre.org\/presse\/wp-content\/uploads\/2014\/04\/rtbf.be-logo1.png 136w, https:\/\/lolalafon.toile-libre.org\/presse\/wp-content\/uploads\/2014\/04\/rtbf.be-logo1-100x54.png 100w\" sizes=\"(max-width: 136px) 100vw, 136px\" \/><\/p>\n<h2>Entretien avec Lola Lafon<\/h2>\n<p><a title=\"A voir sur rtbf.be\" href=\"http:\/\/www.rtbf.be\/video\/detail_livres-a-domicile?id=1891343\" target=\"_blank\">A voir en int\u00e9gralit\u00e9 sur rtbf.be<\/a><\/p>\n\n\t<!-- Begin Video.js -->\n\t<video id=\"example_video_id_2004809378\" class=\"video-js vjs-default-skin\" width=\"640\" height=\"360\" poster=\"http:\/\/lolalafon.toile-libre.org\/medias\/RTBF_LAD_(extraits).png\" controls preload=\"none\" data-setup='[]'>\n\t\t<source src=\"http:\/\/lolalafon.toile-libre.org\/medias\/RTBF_LAD_(extraits).mp4\" type='video\/mp4' \/>\n\t\t\n\t\t\n\t<\/video>\n\t<!-- End Video.js -->\n\n<p>Cette semaine, nous sommes chez V\u00e9ronique, \u00e0 Schaerbeek. Elle accueille Lola Lafon pour La petite communiste qui ne souriait jamais, paru chez Actes Sud. Elle \u00e9coutera les coups de coeur de Michel Dufranne et de Laurent Dehossay, puis tout le monde se penchera sur le dernier roman de Dominique Fernandez, On a sauv\u00e9 le monde, paru chez Grasset.<\/p>\n<p>V\u00e9ronique est libraire, elle a ouvert la librairie Cent Papiers \u00e0 Schaerbeek, en 2012, apr\u00e8s une carri\u00e8re dans l&rsquo;analyse m\u00e9diatique en France. Ses parents n&rsquo;\u00e9taient pas des lecteurs, mais elle dit qu&rsquo;elle est n\u00e9e avec un livre entre les mains. Son premier choc litt\u00e9raire, c&rsquo;est Marguerite Duras qui le lui a procur\u00e9. Ensuite, il y a eu Goethe puis Scott Fitzgerlad. Aujourd&rsquo;hui, elle est tr\u00e8s \u00e9clectique dans ses choix et pioche d&rsquo;un continent \u00e0 l&rsquo;autre, \u00e0 la recherche d&rsquo;univers litt\u00e9raires singuliers.<\/p>\n<p>Lola Lafon est d&rsquo;origine franco-russo-polonaise. Elle a \u00e9t\u00e9 \u00e9lev\u00e9e tant \u00e0 Sofia et \u00e0 Bucarest qu&rsquo;\u00e0 Paris. D&rsquo;abord int\u00e9ress\u00e9e par la danse, cette f\u00e9ministe engag\u00e9e commence \u00e0 publier ses nouvelles \u00e0 la fin des ann\u00e9es 90. Elle signe son premier roman chez Flammarion en 2003. Elle est aujourd&rsquo;hui pass\u00e9e chez Actes Sud. Elle m\u00e8ne parall\u00e8lement une carri\u00e8re dans la musique et a d\u00e9j\u00e0 sorti deux albums.<\/p>\n<p>Tout le monde n&rsquo;a pas oubli\u00e9 la prodigieuse gymnaste roumaine Nadia Comaneci, entr\u00e9e dans l&rsquo;histoire lors des Jeux Olympiques de 1976. La narratrice du roman entreprend d&rsquo;ailleurs d&rsquo;\u00e9crire son histoire. Et le lecteur de La Petite Communiste qui ne souriait jamais entre \u00e0 la fois dans cette biographie plus ou moins rigoureuse, et dans les m\u00e9andres de la pens\u00e9e d&rsquo;une narratrice qui ne cesse de mettre en doute l&rsquo;histoire officielle de cette idole pop \u00e0 qui l&rsquo;on ne pardonna pas de grandir.<\/p>\n<p>Dans On a sauv\u00e9 le monde, Dominique Fernandez reprend tous les \u00e9l\u00e9ments qu&rsquo;il a distill\u00e9s durant plus de cinquante ans de carri\u00e8re pour en faire un vaste roman d&rsquo;apprentissage situ\u00e9 dans les ann\u00e9es trente. Romain, jeune historien de l&rsquo;art passionn\u00e9 par Nicolas Poussin, va d&rsquo;abord faire son apprentissage \u00e0 Rome, sous Mussolini, avant de tomber fou amoureux d&rsquo;Igor, jeune Russe blanc qui a d\u00e9cid\u00e9 d&rsquo;\u00e9pouser la cause communiste. Une passion qui m\u00e8nera ces deux espions \u00e0 la petite semaine jusqu&rsquo;\u00e0 Moscou.<\/p>\n","protected":false},"excerpt":{"rendered":"<p> \u2026 <a class=\"continue-reading-link\" href=\"https:\/\/lolalafon.toile-libre.org\/presse\/?p=683\">Lire<\/a><\/p>\n","protected":false},"author":3,"featured_media":684,"comment_status":"open","ping_status":"open","sticky":false,"template":"","format":"standard","meta":{"footnotes":""},"categories":[2,14,4,9],"tags":[],"_links":{"self":[{"href":"https:\/\/lolalafon.toile-libre.org\/presse\/index.php?rest_route=\/wp\/v2\/posts\/683"}],"collection":[{"href":"https:\/\/lolalafon.toile-libre.org\/presse\/index.php?rest_route=\/wp\/v2\/posts"}],"about":[{"href":"https:\/\/lolalafon.toile-libre.org\/presse\/index.php?rest_route=\/wp\/v2\/types\/post"}],"author":[{"embeddable":true,"href":"https:\/\/lolalafon.toile-libre.org\/presse\/index.php?rest_route=\/wp\/v2\/users\/3"}],"replies":[{"embeddable":true,"href":"https:\/\/lolalafon.toile-libre.org\/presse\/index.php?rest_route=%2Fwp%2Fv2%2Fcomments&post=683"}],"version-history":[{"count":2,"href":"https:\/\/lolalafon.toile-libre.org\/presse\/index.php?rest_route=\/wp\/v2\/posts\/683\/revisions"}],"predecessor-version":[{"id":921,"href":"https:\/\/lolalafon.toile-libre.org\/presse\/index.php?rest_route=\/wp\/v2\/posts\/683\/revisions\/921"}],"wp:featuredmedia":[{"embeddable":true,"href":"https:\/\/lolalafon.toile-libre.org\/presse\/index.php?rest_route=\/wp\/v2\/media\/684"}],"wp:attachment":[{"href":"https:\/\/lolalafon.toile-libre.org\/presse\/index.php?rest_route=%2Fwp%2Fv2%2Fmedia&parent=683"}],"wp:term":[{"taxonomy":"category","embeddable":true,"href":"https:\/\/lolalafon.toile-libre.org\/presse\/index.php?rest_route=%2Fwp%2Fv2%2Fcategories&post=683"},{"taxonomy":"post_tag","embeddable":true,"href":"https:\/\/lolalafon.toile-libre.org\/presse\/index.php?rest_route=%2Fwp%2Fv2%2Ftags&post=683"}],"curies":[{"name":"wp","href":"https:\/\/api.w.org\/{rel}","templated":true}]}}