{"id":640,"date":"2014-03-26T12:40:56","date_gmt":"2014-03-26T11:40:56","guid":{"rendered":"http:\/\/lolalafon.toile-libre.org\/presse\/?p=640"},"modified":"2015-06-06T20:08:58","modified_gmt":"2015-06-06T19:08:58","slug":"selection-prix-du-livre-inter-2014","status":"publish","type":"post","link":"https:\/\/lolalafon.toile-libre.org\/presse\/?p=640","title":{"rendered":"Finaliste Prix du livre Inter 2014"},"content":{"rendered":"<h2><b><img loading=\"lazy\" decoding=\"async\" width=\"119\" height=\"119\" class=\"alignleft  wp-image-641\" alt=\"logo\" src=\"http:\/\/lolalafon.toile-libre.org\/presse\/wp-content\/uploads\/2014\/04\/logo1.png\" srcset=\"https:\/\/lolalafon.toile-libre.org\/presse\/wp-content\/uploads\/2014\/04\/logo1.png 119w, https:\/\/lolalafon.toile-libre.org\/presse\/wp-content\/uploads\/2014\/04\/logo1-100x100.png 100w\" sizes=\"(max-width: 119px) 100vw, 119px\" \/><\/b>Prix du Livre Inter : le jury et la s\u00e9lection<\/h2>\n<p>&nbsp;<\/p>\n<p><em>R\u00e9v\u00e9lation le 2 juin 2014<\/em><\/p>\n<p>Signe de son succ\u00e8s, le prix du Livre Inter f\u00eate cette ann\u00e9e sa 40\u00e8me \u00e9dition.<br \/>\nC&rsquo;est l&rsquo;\u00e9crivain Alain Mabanckou qui en est le pr\u00e9sident cette ann\u00e9e<\/p>\n<p>La s\u00e9lection<\/p>\n<p><b>Jacques A. Bertrand &#8211; <i>Comment j\u2019ai mang\u00e9 mon estomac<\/i><\/b> (Julliard)<br \/>\n<b>Bernard Chambaz &#8211; <i>Derni\u00e8res nouvelles du martin-p\u00eacheur<\/i><\/b> (Flammarion)<br \/>\n<b>Tristan Garcia &#8211; <i>Faber, le destructeur<\/i> <\/b>(Gallimard)<br \/>\n<b>Lola Lafon &#8211; <i>La petite communiste qui ne souriait jamais<\/i><\/b> (Actes Sud)<br \/>\n<b>Edouard Louis &#8211; <i>En finir avec Eddy Bellegueulle<\/i><\/b><i> <\/i>(Le Seuil)<br \/>\n<b>C\u00e9line Minard &#8211; <i>Faillir \u00eatre flingu\u00e9<\/i><\/b> (Editions Rivages)<br \/>\n<b>Yves Ravey &#8211; <i>La fille de mon meilleur ami<\/i> <\/b>(Editions de Minuit)<br \/>\n<b>Jean-Philippe Toussaint &#8211; <i>Nue<\/i><\/b> (Editons de Minuit)<br \/>\n<b>Karine Tuil &#8211; <i>L\u2019invention de nos vies<\/i> <\/b>(Grasset)<b><br \/>\nChantal Thomas &#8211; <i>L\u2019\u00e9change des princesses<\/i><\/b> (Le Seuil)<\/p>\n","protected":false},"excerpt":{"rendered":"<p> \u2026 <a class=\"continue-reading-link\" href=\"https:\/\/lolalafon.toile-libre.org\/presse\/?p=640\">Lire<\/a><\/p>\n","protected":false},"author":3,"featured_media":641,"comment_status":"open","ping_status":"open","sticky":false,"template":"","format":"standard","meta":{"footnotes":""},"categories":[3],"tags":[],"_links":{"self":[{"href":"https:\/\/lolalafon.toile-libre.org\/presse\/index.php?rest_route=\/wp\/v2\/posts\/640"}],"collection":[{"href":"https:\/\/lolalafon.toile-libre.org\/presse\/index.php?rest_route=\/wp\/v2\/posts"}],"about":[{"href":"https:\/\/lolalafon.toile-libre.org\/presse\/index.php?rest_route=\/wp\/v2\/types\/post"}],"author":[{"embeddable":true,"href":"https:\/\/lolalafon.toile-libre.org\/presse\/index.php?rest_route=\/wp\/v2\/users\/3"}],"replies":[{"embeddable":true,"href":"https:\/\/lolalafon.toile-libre.org\/presse\/index.php?rest_route=%2Fwp%2Fv2%2Fcomments&post=640"}],"version-history":[{"count":3,"href":"https:\/\/lolalafon.toile-libre.org\/presse\/index.php?rest_route=\/wp\/v2\/posts\/640\/revisions"}],"predecessor-version":[{"id":1081,"href":"https:\/\/lolalafon.toile-libre.org\/presse\/index.php?rest_route=\/wp\/v2\/posts\/640\/revisions\/1081"}],"wp:featuredmedia":[{"embeddable":true,"href":"https:\/\/lolalafon.toile-libre.org\/presse\/index.php?rest_route=\/wp\/v2\/media\/641"}],"wp:attachment":[{"href":"https:\/\/lolalafon.toile-libre.org\/presse\/index.php?rest_route=%2Fwp%2Fv2%2Fmedia&parent=640"}],"wp:term":[{"taxonomy":"category","embeddable":true,"href":"https:\/\/lolalafon.toile-libre.org\/presse\/index.php?rest_route=%2Fwp%2Fv2%2Fcategories&post=640"},{"taxonomy":"post_tag","embeddable":true,"href":"https:\/\/lolalafon.toile-libre.org\/presse\/index.php?rest_route=%2Fwp%2Fv2%2Ftags&post=640"}],"curies":[{"name":"wp","href":"https:\/\/api.w.org\/{rel}","templated":true}]}}