{"id":521,"date":"2013-07-08T00:51:00","date_gmt":"2013-07-08T00:51:00","guid":{"rendered":"http:\/\/localhost:8888\/LOLA\/presse\/2013\/07\/commentaires-sur-lola-lafon-son-eden-a-lest\/"},"modified":"2013-07-08T00:51:00","modified_gmt":"2013-07-08T00:51:00","slug":"commentaires-sur-lola-lafon-son-eden-a-lest","status":"publish","type":"post","link":"https:\/\/lolalafon.toile-libre.org\/presse\/?p=521","title":{"rendered":"Caf\u00e9 des Roumains.com &#8211; Lola Lafon, son Eden \u00e0 l\u2019Est"},"content":{"rendered":"<div class=\"articlebody\">\n<h1 dir=\"ltr\">Lola Lafon, son Eden \u00e0 l\u2019Est<\/h1>\n<p>&nbsp;<\/p>\n<p dir=\"ltr\"><strong>Ecrivaine, compositrice, chanteuse, Lola Lafon est avant tout une femme engag\u00e9e. Apr\u00e8s une enfance pass\u00e9e dans la Roumanie communiste des ann\u00e9es 80, Lola Lafon garde un fort lien d\u2019attachement avec la culture roumaine contemporaine et avec Bucarest, sa ville de coeur. Nous avons rencontr\u00e9 Lola Lafon pour parler litt\u00e9rature, culture roumaine, mariage pour tous, lutte contre la x\u00e9nophobie \u2026<\/strong><\/p>\n<p dir=\"ltr\"><strong>Caf\u00e9 des Roumains : Une premi\u00e8re question sur votre histoire personnelle avec la Roumanie. Comment vous \u00eates devenue aussi attach\u00e9e \u00e0 ce pays?<\/strong><\/p>\n<p><strong>Lola Lafon :<\/strong> Je suis arriv\u00e9e \u00e0 l\u2019\u00e2ge de 3 ans et demi, et je suis rest\u00e9e jusqu\u2019\u00e0 12 ans. C\u2019est toute mon enfance. J\u2019allais \u00e0 l\u2019\u00e9cole roumaine, donc le roumain \u00e9tait une de mes premi\u00e8res langues. L\u2019attachement\u2026 Je ne sais pas si je suis objective, mais je trouve que c\u2019est un pays envo\u00fbtant, au niveau de la <a href=\"http:\/\/www.cafedesroumains.com\/evenements\/\">culture<\/a>, de la musique\u2026<\/p>\n<p><strong>Caf\u00e9 des Roumains :<\/strong> <strong>En revenant, \u00e9tiez-vous choqu\u00e9e du changement par rapport aux ann\u00e9es 1980 ?<\/strong><\/p>\n<p><strong>Lola Lafon :<\/strong> C\u2019est comme si j\u2019avais repris une histoire\u2026 Pour moi le laps de temps o\u00f9 je ne suis pas all\u00e9e en Roumanie a disparu. Je ne cherche pas le pass\u00e9. Je suis passionn\u00e9e par le pr\u00e9sent de ce pays, de la ville. Mes amis m\u2019emm\u00e8nent dans les derniers caf\u00e9s. Je ne me sens pas du tout nostalgique. Le pr\u00e9sent est passionnant, et beaucoup plus qu\u2019ici. Artistiquement, il y a le cin\u00e9ma, \u00e9videmment. Mais ce que je vois de la vivacit\u00e9 de Bucarest, des lieux, des conversations\u2026 J\u2019ai l\u2019impression qu\u2019ici\u2026 c\u2019est l\u2019Ouest d\u00e9cadent, c\u2019est fini (rires) ! L\u2019avenir est \u00e0 l\u2019Est\u2026 Bon, peut-\u00eatre est-ce un peu exag\u00e9r\u00e9\u2026<\/p>\n<p><strong>Caf\u00e9 des Roumains :<\/strong> <strong>Vous avez d\u00e9clar\u00e9 dans une interview que vous vous sentez partout une \u00e9trang\u00e8re\u2026<\/strong><\/p>\n<p><strong>Lola Lafon :<\/strong> J\u2019ai habit\u00e9 dans d\u2019autres pays aussi, je viens d\u2019une famille avec de multiples origines. Je suis \u00e9trang\u00e8re dans le bon sens, j\u2019ai l\u2019impression de garder une distance avec la culture dans laquelle je suis\u2026 C\u2019est probablement aussi pour cela que je suis attach\u00e9e \u00e0 la Roumanie\u2026 J\u2019y ai v\u00e9cu neuf de mes premi\u00e8res ann\u00e9es, la langue roumaine, la mani\u00e8re de penser, d\u2019interagir, me sont tr\u00e8s famili\u00e8res\u2026 Si je devais me sentir ancr\u00e9e quelque part, ce serait plus en Roumanie qu\u2019ici\u2026 Ici \u00e7a reste un pays qui est venu apr\u00e8s\u2026 Mais je trouve \u00e7a bien d\u2019\u00eatre \u00e9tranger, m\u00eame aux choses qu\u2019on vit.<\/p>\n<p><strong>Caf\u00e9 des Roumains : Vous avez r\u00e9cemment anim\u00e9 un atelier d\u2019\u00e9criture \u00e0 Bucarest, pouvez-vous nous en parler ?<\/strong><\/p>\n<p><strong>Lola Lafon :<\/strong> C\u2019\u00e9tait organis\u00e9 par l\u2019Institut fran\u00e7ais avec la librairie fran\u00e7aise <a href=\"https:\/\/www.facebook.com\/kyralina.ro\">Kyralina<\/a>, un lieu ouvert par un jeune couple fran\u00e7ais\u2026 Quand ils m\u2019ont propos\u00e9 \u00e7a, j\u2019en avais fait \u00e0 Paris, dans un lyc\u00e9e, avec la Maison des \u00e9crivains\u2026 Mais l\u00e0 les gens avaient envie de venir ! \u00e7a a \u00e9t\u00e9 un choc, et il y avait plut\u00f4t plus de Roumains que de Fran\u00e7ais, tr\u00e8s jeunes\u2026 Le niveau des Roumaines (il y avait douze filles et deux gar\u00e7ons), pas que de la langue, mais le niveau litt\u00e9raire\u2026 J\u2019ai \u00e9t\u00e9 oblig\u00e9e de retravailler mon programme le soir dans ma chambre. C\u2019est un niveau d\u00e9ment, ils \u00e9crivent vraiment bien. On a fini par travailler autour de l\u2019Est\/Ouest, de Bucarest aussi\u2026 J\u2019ai donn\u00e9 un extrait du roman \u00e0 para\u00eetre, il fallait le continuer\u2026 On a fait une petite soir\u00e9e \u00e0 la fin o\u00f9 chacun, chacune a lu ses textes pr\u00e9f\u00e9r\u00e9s.<\/p>\n<p><strong>Caf\u00e9 des Roumains :<\/strong> <strong>Comment vous trouvez la culture contemporaine roumaine, et comment vous expliquez cette \u00e9nergie \u00e0 l\u2019Est ?<\/strong><\/p>\n<p><strong>Lola Lafon :<\/strong> Je ne veux pas faire ce genre d\u2019analyse, je ne suis pas critique d\u2019art, c\u2019est plut\u00f4t une sensation\u2026 Il y a moins de moyens, je pense au cin\u00e9ma. Je sais que beaucoup de Roumains le trouvent mis\u00e9rabiliste, et je comprends pourquoi. C\u2019est comme si c\u2019\u00e9tait une vision de la Roumanie qui allait plaire ici parce qu\u2019elle r\u00e9pond \u00e0 pas mal de clich\u00e9s, je pense au gros succ\u00e8s, <a href=\"http:\/\/next.liberation.fr\/cinema\/2013\/02\/17\/le-film-roumain-pozitia-copilului-decroche-l-ours-d-or-a-berlin_882366\"><em>Pozi\u021bia copilului<\/em><\/a> (1), avec le th\u00e8me sur la corruption\u2026 En m\u00eame temps, le manque de financements ram\u00e8ne \u00e0 une importance sur le sc\u00e9nario, les dialogues\u2026 J\u2019ai \u00e9cout\u00e9 des chansons tr\u00e8s bien aussi\u2026 Et la litt\u00e9rature\u2026 Peut-\u00eatre qu\u2019il y a moins d\u2019arrogance qu\u2019ici\u2026 Et quand je vivais aux Etats-Unis c\u2019\u00e9tait multipli\u00e9 par un million. Il y a une sorte d\u2019\u00e9chelle d\u2019arrogance\u2026 A l\u2019Ouest, la sensation d\u2019\u00eatre dans un pays riche est importante, elle est en nous, on ne s\u2019en rend m\u00eame pas compte\u2026 C\u2019est une conscience qui est l\u00e0. Ce que je trouve un peu triste c\u2019est qu\u2019en Roumanie, c\u2019est l\u2019inverse, je ressens cette obsession que rien ne semble jamais bien\u2026 Il y a une forte auto-d\u00e9pr\u00e9ciation\u2026 Les blagues roumaines concernent les Roumains alors que les Fran\u00e7ais ne se foutent pas de leur propre gueule, en g\u00e9n\u00e9ral\u2026 J\u2019ai l\u2019impression qu\u2019il y a une tr\u00e8s mauvaise opinion des Roumains sur leur pays. Ici, l\u2019arrogance occidentale tourne \u00e0 vide\u2026 Quand on voit le racisme anti-Roumain qu\u2019il y a en France, on peut imaginer que dans des milieux soi-disant bien, il y subsiste au moins un sentiment de sup\u00e9riorit\u00e9, genre \u00ab les pauvres ! \u00bb. Personne ici ne connait absolument rien ni \u00e0 la litt\u00e9rature, ni au th\u00e9\u00e2tre roumain\u2026<\/p>\n<p><strong>Caf\u00e9 des Roumains :<\/strong> <strong>Il y a un manque de curiosit\u00e9 en France ?<\/strong><\/p>\n<p><strong>Lola Lafon :<\/strong> Oui. Et il y a eu une telle instrumentalisation du Roumain et du Bulgare comme le nouveau pauvre, le nouvel envahisseur\u2026 C\u2019est un truc tr\u00e8s partag\u00e9, \u00e0 gauche comme \u00e0 droite\u2026 Les gens me disent \u00ab La Roumanie ? Ah oui ! Je me rappelle du proc\u00e8s de Ceaucescu ! \u00bb<\/p>\n<p><strong>Caf\u00e9 des Roumains :<\/strong> <strong>Est-ce que vous subissez, par ricochet, ce m\u00e9pris ?<\/strong><\/p>\n<p><strong>Lola Lafon :<\/strong> Je subis les blagues d\u00e9biles, oui, tout le temps. Ou les remarques du genre, quand je porte une robe \u00e0 fleurs, genre achet\u00e9e chez H&amp;M \u00ab Oh ! C\u2019est tr\u00e8s joli ! Tu l\u2019as achet\u00e9e en Roumanie \u00bb, du genre \u00ab elle porte des fleurs, c\u2019est folklorique ! \u00bb. Mais de Claude Gu\u00e9ant \u00e0 Hortefeux \u00e0 maintenant Valls, qui est exactement le m\u00eame\u2026 C\u2019est un esprit qui a tellement p\u00e9n\u00e9tr\u00e9 la France que les gens sympas me font des blagues: \u00ab Ah tu vas faire le trottoir ! \u00bb, \u00ab Ah avec toi je fais attention \u00e0 mon portefeuille ! \u00bb.<\/p>\n<p><strong>Caf\u00e9 des Roumains : Vous avez particip\u00e9 aux rassemblements pour le mariage pour tous ?<\/strong><\/p>\n<p><strong>Lola Lafon :<\/strong> Oui, \u00e9videmment. Pendant les premi\u00e8res manifs, j\u2019avais quelques probl\u00e8mes, je me disais que moi je ne veux pas me marier, par exemple, et qu\u2019il y a une sorte d\u2019obligation \u00e0 l\u2019enfantement en France, qui n\u2019est pas questionn\u00e9e, quelque chose qui est tr\u00e8s pesant. Apr\u00e8s je me suis rendu compte que ce n\u2019\u00e9tait pas du tout la question. J\u2019aimerais bien qu\u2019on d\u00e9batte aussi de la notion de couple, de famille, comme lieu du grand bonheur, d\u2019id\u00e9al \u00e0 atteindre\u2026 Mais on en est pas l\u00e0, il fallait d\u2019abord passer cette loi\u2026 J\u2019\u00e9tais hyper-heureuse qu\u2019elle passe. Je suis all\u00e9e \u00e0 toutes les manifs. Au moment o\u00f9 il y a eu les agressions homophobes, en tout cas celles dont on a parl\u00e9, j\u2019\u00e9tais renvers\u00e9e. Ce qui me pr\u00e9occupe vraiment, c\u2019est le fait que l\u2019extr\u00eame droite reprenne la rue, l\u2019espace. C\u2019est quelque chose que je n\u2019ai pas vu depuis\u2026 J\u2019\u00e9tais dans les mouvements antifa \u00e0 la fin des ann\u00e9es 1990, d\u00e9but des ann\u00e9es 2000, ce n\u2019\u00e9tait vraiment pas possible.<\/p>\n<p><strong>Caf\u00e9 des Roumains :<\/strong> <strong>Dans vos romans (<em>Une Fi\u00e8vre impossible \u00e0 n\u00e9gocier,\u00a0<\/em>2003,\u00a0<em>De \u00e7a je me console,\u00a0<\/em>2007 et\u00a0<em>Nous sommes les oiseaux de la temp\u00eate qui s\u2019annonce,\u00a0<\/em>2011)\u00a0on retrouve le th\u00e8me de l\u2019insurrection. Est-ce influenc\u00e9 par ce qui s\u2019est pass\u00e9 en Roumanie et par la R\u00e9volution de 1989 ?<\/strong><\/p>\n<p><strong>Lola Lafon :<\/strong> Je n\u2019y \u00e9tais pas, et je ne pense pas. C\u2019est plut\u00f4t influenc\u00e9 par une histoire familiale et par mes choix politiques, qui font que je sais comment \u00e7a se passe d\u2019avoir envie de s\u2019engager physiquement, d\u2019engager des choses autrement qu\u2019intellectuellement\u2026 C\u2019est vrai que j\u2019ai un peu une fascination pour les \u00e9poques insurrectionnelles. Et en m\u00eame temps, je n\u2019ai pas du tout une fascination pour Mai 68, par exemple. Peut-\u00eatre parce que j\u2019ai envie de demander : \u00ab Qu\u2019est-ce qui nous en reste ? \u00bb.<\/p>\n<p><strong>Caf\u00e9 des Roumains :<\/strong> <strong>Vous trouvez quand m\u00eame qu\u2019il y a des r\u00e9sistances en France ?<\/strong><\/p>\n<p><strong>Lola Lafon :<\/strong> Oui, bien s\u00fbr, il y a des tas de trucs. <a href=\"http:\/\/zad.nadir.org\/\">Notre-Dame-des-Landes<\/a>, c\u2019est g\u00e9nial. Et le fait que les ZAD (2) puissent se multiplier, il y en a une autre \u00e0 Avignon\u2026 Les milieux <a href=\"http:\/\/www.cafedesroumains.com\/2013\/03\/06\/une-semaine-tres-queer-a-sciences-po-paris\/\">queer<\/a> un peu plus offensifs je trouve \u00e7a hyper-int\u00e9ressant, dans les manifs r\u00e9centes il y avait des tracts vraiment bien.<\/p>\n<p><strong>Caf\u00e9 des Roumains :<\/strong> <strong>Vous pensez allez vivre en Roumanie ?<\/strong><\/p>\n<p><strong>Lola Lafon :<\/strong> Pourquoi pas\u2026 J\u2019ai assist\u00e9 \u00e0 une remise des prix du milieu litt\u00e9raire, j\u2019aimerais bien y retourner pour faire un atelier d\u2019\u00e9criture et publier un recueil\u2026 J\u2019aime bien y aller et faire quelque chose d\u2019int\u00e9ressant \u2013 m\u00eame si j\u2019aime bien ne rien faire aussi.<\/p>\n<p><strong><em>Propos recueillis par Fabien Carlat et Madalina Alexe<\/em><\/strong><\/p>\n<p><strong><em>Photos Gil Roy<\/em><\/strong><\/p>\n<p dir=\"ltr\">(1) Film de C\u0103lin Peter Netzer, produit par Ada Solomon, prim\u00e9 de l\u2019Ours d\u2019Or \u00e0 la Berlinale 2013. Titre anglophone: Child\u2019s Pose.<\/p>\n<p dir=\"ltr\">(2) ZAD: Zone Autonome \u00e0 D\u00e9fendre.<\/p>\n<p>Source Internet : <a href=\"http:\/\/cafedesroumains.com\/2013\/07\/07\/lola-lafon-son-eden-a-lest1134\/\" target=\"_blank\">http:\/\/cafedesroumains.com\/2013\/07\/07\/lola-lafon-son-eden-a-lest1134\/<\/a><\/p>\n<\/div>\n","protected":false},"excerpt":{"rendered":"<p> \u2026 <a class=\"continue-reading-link\" href=\"https:\/\/lolalafon.toile-libre.org\/presse\/?p=521\">Lire<\/a><\/p>\n","protected":false},"author":3,"featured_media":0,"comment_status":"open","ping_status":"open","sticky":false,"template":"","format":"standard","meta":{"footnotes":""},"categories":[2],"tags":[21,64,67,75,88],"_links":{"self":[{"href":"https:\/\/lolalafon.toile-libre.org\/presse\/index.php?rest_route=\/wp\/v2\/posts\/521"}],"collection":[{"href":"https:\/\/lolalafon.toile-libre.org\/presse\/index.php?rest_route=\/wp\/v2\/posts"}],"about":[{"href":"https:\/\/lolalafon.toile-libre.org\/presse\/index.php?rest_route=\/wp\/v2\/types\/post"}],"author":[{"embeddable":true,"href":"https:\/\/lolalafon.toile-libre.org\/presse\/index.php?rest_route=\/wp\/v2\/users\/3"}],"replies":[{"embeddable":true,"href":"https:\/\/lolalafon.toile-libre.org\/presse\/index.php?rest_route=%2Fwp%2Fv2%2Fcomments&post=521"}],"version-history":[{"count":0,"href":"https:\/\/lolalafon.toile-libre.org\/presse\/index.php?rest_route=\/wp\/v2\/posts\/521\/revisions"}],"wp:attachment":[{"href":"https:\/\/lolalafon.toile-libre.org\/presse\/index.php?rest_route=%2Fwp%2Fv2%2Fmedia&parent=521"}],"wp:term":[{"taxonomy":"category","embeddable":true,"href":"https:\/\/lolalafon.toile-libre.org\/presse\/index.php?rest_route=%2Fwp%2Fv2%2Fcategories&post=521"},{"taxonomy":"post_tag","embeddable":true,"href":"https:\/\/lolalafon.toile-libre.org\/presse\/index.php?rest_route=%2Fwp%2Fv2%2Ftags&post=521"}],"curies":[{"name":"wp","href":"https:\/\/api.w.org\/{rel}","templated":true}]}}