{"id":477,"date":"2006-03-15T12:05:00","date_gmt":"2006-03-15T12:05:00","guid":{"rendered":"http:\/\/localhost:8888\/LOLA\/presse\/2006\/03\/commentaires-sur-telerama-2\/"},"modified":"2006-03-15T12:05:00","modified_gmt":"2006-03-15T12:05:00","slug":"commentaires-sur-telerama-2","status":"publish","type":"post","link":"https:\/\/lolalafon.toile-libre.org\/presse\/?p=477","title":{"rendered":"T\u00e9l\u00e9rama"},"content":{"rendered":"<div class=\"articlebody\" itemprop=\"articleBody\">\n<h1><span style=\"font-size: 12pt;\"><strong>Lola Lafon, une flamme des balkans<\/strong><\/span><\/h1>\n<p><strong><em>Son chant ardent s&rsquo;appuie sur une musique aux influences folk-rock-\u00e9lectro. Intense.<\/em><\/strong><\/p>\n<p><em>Par Val\u00e9rie Lehoux<\/em><\/p>\n<p><em><br \/>\n<\/em><em><\/em><br \/>\n<span style=\"font-size: 8pt;\">Son premier livre avait \u00e9t\u00e9 une claque. Son premier album est une gifle. Lola Lafon, \u00a0<\/span><span style=\"font-size: 8pt;\">32 ans, n\u00e9e \u00e0 Paris mais \u00e9lev\u00e9e en Roumanie et en Bulgarie, est une jeune femme <\/span><span style=\"font-size: 8pt;\">incandescente. Elle jette ses mots comme des bombes ou comme des ponts. Elle <\/span><span style=\"font-size: 8pt;\">\u00e9crit et elle chante en se moquant des modes et des carcans, parce qu&rsquo;elle est <\/span><span style=\"font-size: 8pt;\">incapable de faire autrement. Son nom, on l&rsquo;a d\u00e9couvert en 2003 sur la couverture <\/span><span style=\"font-size: 8pt;\">d&rsquo;un roman v\u00e9rit\u00e9, le premier pari de l&rsquo;\u00e9diteur Beigbeder. Une fi\u00e8vre impossible \u00e0 <\/span><span style=\"font-size: 8pt;\">n\u00e9gocier parle d&rsquo;un viol. \u00ab\u00a0Je n&rsquo;ai jamais cach\u00e9 que c&rsquo;\u00e9tait une histoire vraie.\u00a0\u00bb Et dans <\/span><span style=\"font-size: 8pt;\">sa vie, un tournant : sit\u00f4t son livre paru, Lola se met \u00e0 recevoir quantit\u00e9 de lettres et <\/span><span style=\"font-size: 8pt;\">de mails sign\u00e9s d&rsquo;inconnus familiers. \u00ab\u00a0C&rsquo;est troublant, j&rsquo;ai la sensation de conna\u00eetre <\/span><span style=\"font-size: 8pt;\">celles et ceux qui m&rsquo;\u00e9crivent, dit-elle. Beaucoup de mots et de maux. Je ne peux <\/span><span style=\"font-size: 8pt;\">pas ne pas les entendre. Et je me dis que sur sc\u00e8ne je n&rsquo;ai pas le droit d&rsquo;\u00eatre <\/span><span style=\"font-size: 8pt;\">d\u00e9primante.\u00a0\u00bb Et elle ne l&rsquo;est pas du tout ! Leva, le groupe cosmopolite (un\u00a0<\/span><br \/>\n<span style=\"font-size: 8pt;\">\u00a0Mac\u00e9donien, un Serbe, un Fran\u00e7ais, un Belge) qu&rsquo;elle a mont\u00e9 il y a sept ans, <\/span><span style=\"font-size: 8pt;\">balance un \u00ab\u00a0folk-rock-\u00e9lectro balkanique\u00a0\u00bb \u00e9nergique et d\u00e9capant. \u00ab\u00a0J&rsquo;ai grandi entre <\/span><span style=\"font-size: 8pt;\">les hymnes \u00e0 la gloire de Ceaucescu et les sons traditionnels des Balkans. Quand je <\/span><span style=\"font-size: 8pt;\">suis revenue en France \u00e0 12 ans, j&rsquo;ai d\u00e9couvert un autre monde : celui des <\/span><span style=\"font-size: 8pt;\">supermarch\u00e9s et du rock anglo-saxon.\u00a0\u00bb En quelques mois, l&rsquo;adolescente un peu <\/span><span style=\"font-size: 8pt;\">sonn\u00e9e a absorb\u00e9 Patti Smith, Cat Stevens, les vieux Stones&#8230; Et Barbara, seule c<\/span><span style=\"font-size: 8pt;\">hanteuse d&rsquo;ici qui trouve gr\u00e2ce \u00e0 ses yeux. Aujourd&rsquo;hui, la musique de Lola est <\/span><span style=\"font-size: 8pt;\">faite de toutes ces influences. C&rsquo;est pour cela qu&rsquo;elle sort de l&rsquo;ordinaire. C&rsquo;est aussi <\/span><span style=\"font-size: 8pt;\">pour ce qu&rsquo;elle dit. Message politique pas cadr\u00e9. \u00ab\u00a0Je me m\u00e9fie des syst\u00e8mes, quels <\/span><span style=\"font-size: 8pt;\">qu&rsquo;ils soient. L&rsquo;Est \u00e9tait liberticide, l&rsquo;Ouest laisse mourir ses pauvres dans les rues.\u00a0\u00bb <\/span><span style=\"font-size: 8pt;\">Lola est \u00e0 gauche r\u00e9solument, altermondialiste s\u00fbrement, mais elle d\u00e9teste les <\/span><span style=\"font-size: 8pt;\">croyances. Son chant est libre et ardent et son rock est br\u00fblant. \u00ab\u00a0Il faut r\u00e9sister, <\/span><span style=\"font-size: 8pt;\">ne pas trop s&rsquo;adapter \u00e0 l&rsquo;\u00e9poque. Si demain j&rsquo;ai envie de chanter en bulgare avec <\/span><span style=\"font-size: 8pt;\">des samples et une guitare folk, je le ferai.\u00a0\u00bb Elle fait d\u00e9j\u00e0 mieux : \u00e9crire et chanter <\/span><span style=\"font-size: 8pt;\">avec urgence et n\u00e9cessit\u00e9. C&rsquo;est cela un artiste, non ?<\/span><\/p>\n<div style=\"clear: both;\"><\/div>\n<\/div>\n","protected":false},"excerpt":{"rendered":"<p> \u2026 <a class=\"continue-reading-link\" href=\"https:\/\/lolalafon.toile-libre.org\/presse\/?p=477\">Lire<\/a><\/p>\n","protected":false},"author":3,"featured_media":0,"comment_status":"open","ping_status":"open","sticky":false,"template":"","format":"standard","meta":{"footnotes":""},"categories":[13,5,7],"tags":[46,64,109,95],"_links":{"self":[{"href":"https:\/\/lolalafon.toile-libre.org\/presse\/index.php?rest_route=\/wp\/v2\/posts\/477"}],"collection":[{"href":"https:\/\/lolalafon.toile-libre.org\/presse\/index.php?rest_route=\/wp\/v2\/posts"}],"about":[{"href":"https:\/\/lolalafon.toile-libre.org\/presse\/index.php?rest_route=\/wp\/v2\/types\/post"}],"author":[{"embeddable":true,"href":"https:\/\/lolalafon.toile-libre.org\/presse\/index.php?rest_route=\/wp\/v2\/users\/3"}],"replies":[{"embeddable":true,"href":"https:\/\/lolalafon.toile-libre.org\/presse\/index.php?rest_route=%2Fwp%2Fv2%2Fcomments&post=477"}],"version-history":[{"count":0,"href":"https:\/\/lolalafon.toile-libre.org\/presse\/index.php?rest_route=\/wp\/v2\/posts\/477\/revisions"}],"wp:attachment":[{"href":"https:\/\/lolalafon.toile-libre.org\/presse\/index.php?rest_route=%2Fwp%2Fv2%2Fmedia&parent=477"}],"wp:term":[{"taxonomy":"category","embeddable":true,"href":"https:\/\/lolalafon.toile-libre.org\/presse\/index.php?rest_route=%2Fwp%2Fv2%2Fcategories&post=477"},{"taxonomy":"post_tag","embeddable":true,"href":"https:\/\/lolalafon.toile-libre.org\/presse\/index.php?rest_route=%2Fwp%2Fv2%2Ftags&post=477"}],"curies":[{"name":"wp","href":"https:\/\/api.w.org\/{rel}","templated":true}]}}