{"id":645,"date":"2010-07-25T23:03:32","date_gmt":"2010-07-25T22:03:32","guid":{"rendered":"http:\/\/levaweb.free.fr\/wordpress\/?p=222"},"modified":"2010-07-25T23:03:32","modified_gmt":"2010-07-25T22:03:32","slug":"la-hontecomme-un-seul-homme-texte-dodoran-envoye-a-libe-apres-lecture-de-notre-article","status":"publish","type":"post","link":"https:\/\/lolalafon.toile-libre.org\/blog\/?p=645","title":{"rendered":"LA HONTE,COMME UN SEUL HOMME (texte d\u2019O.Doran envoy\u00e9 \u00e0 Lib\u00e9 apr\u00e8s lecture de notre article)"},"content":{"rendered":"<p><font face=\"ArialMT\" size=\"3\"><\/font><font face=\"ArialMT\" size=\"3\"><\/p>\n<p align=\"left\">AFFAIRE POLANSKI : LA HONTE, COMME UN SEUL HOMME.<\/p>\n<p align=\"left\">Effarement, l\u00e2chet\u00e9, honte. En terminant la lecture de la r\u00e9action de Lola Lafon et Peggy<\/p>\n<p align=\"left\">Sastre, publi\u00e9e dans les pages Rebonds du 21 juillet, j\u2019ai r\u00e9alis\u00e9 que, tout au long de ce que l\u2019on<\/p>\n<p align=\"left\">a appel\u00e9 \u201cl\u2019affaire Polanski\u00a0\u00bb, j\u2019avais \u00e9t\u00e9 travers\u00e9 successivement par ces trois sentiments,<\/p>\n<p align=\"left\">Effarement devant les r\u00e9actions provoqu\u00e9es par l\u2019assignation \u00e0 r\u00e9sidence du r\u00e9alisateur, cet<\/p>\n<p align=\"left\">hiver. Entendons-nous bien : il n\u2019est pas question ici de juger le cin\u00e9aste, puisque je n\u2019ai,<\/p>\n<p align=\"left\">comme tout un chacun, qu\u2019une opinion personnelle, construite \u00e0 partir des articles de la presse<\/p>\n<p align=\"left\">\u00e9crite et des reportages des m\u00e9dias audiovisuels, et donc compl\u00e9tement n\u00e9gligeable en terme<\/p>\n<p align=\"left\">de Droit. Je n\u2019ai aucune connaissance r\u00e9elle &#8211; indispensable \u00e0 l\u2019\u00e9tablissement d\u2019une d\u00e9cision de<\/p>\n<p align=\"left\">justice &#8211; sur cette affaire. Mais je ne crois pas que tous les artistes qui ont pris, \u201ccomme un seul<\/p>\n<p align=\"left\">homme\u201d, la d\u00e9fense du cin\u00e9aste en aient beaucoup plus, et c\u2019est bien l\u00e0 que le b\u00e2t blesse.<\/p>\n<p align=\"left\">Au nom de quoi se permet-on de d\u00e9clarer par avance un homme innocent tout en s\u2019indignant<\/p>\n<p align=\"left\">qu\u2019il soit trait\u00e9 comme un coupable, sans jugement ? Innocence et culpabilit\u00e9 doivent voyager<\/p>\n<p align=\"left\">dans le m\u00eame bateau de l\u2019\u00e9quit\u00e9, sinon elles courent le risque d\u2019\u00eatre iniques.<\/p>\n<p align=\"left\">L\u00e2chet\u00e9, quand j\u2019ai r\u00e9alis\u00e9 que malgr\u00e9 l\u2019embarras ressenti devant ces commentaires qui<\/p>\n<p align=\"left\">semblaient vouloir absoudre par avance le r\u00e9alisateur de ses \u00e9ventuelles responsabilit\u00e9s, je n\u2019ai<\/p>\n<p align=\"left\">rien dit.<\/p>\n<p align=\"left\">Parce que je suis un homme et que, malgr\u00e9 la consternation que je ressens chaque fois que<\/p>\n<p align=\"left\">dans les rapports hommes\/femmes je constate que nous continuons \u00e0 r\u00e9agir en animal naturel<\/p>\n<p align=\"left\">plut\u00f4t qu\u2019en \u00eatre culturel, je me satisfait petitement d\u2019\u00eatre du c\u00f4t\u00e9 des \u201cdominants\u201d. Comme<\/p>\n<p align=\"left\">il m\u2019\u00e9tait facile de me r\u00e9fugier derri\u00e8re l\u2019iniquit\u00e9 du syst\u00e8me juridique am\u00e9ricain qui permet<\/p>\n<p align=\"left\">tous les marchandages, moraux ou financiers&#8230; Comme il me rassurait de m\u2019appuyer sur les<\/p>\n<p align=\"left\">d\u00e9clarations de la victime qui a exprim\u00e9, de mani\u00e8re r\u00e9p\u00e9t\u00e9e et depuis longtemps, le souhait<\/p>\n<p align=\"left\">que toute cette histoire se referme ! De cette mani\u00e8re, ne m\u2019exon\u00e9rais-je pas un peu de toutes<\/p>\n<p align=\"left\">ces fois o\u00f9, moi aussi, j\u2019ai particip\u00e9 \u00e0 la domination masculine?<\/p>\n<p align=\"left\">Honte, enfin, parce que cette r\u00e9action r\u00e9dig\u00e9e par les deux \u00e9crivaines, j\u2019aurai voulu, j\u2019aurai d\u00fb<\/p>\n<p align=\"left\">l\u2019\u00e9crire. Mais non, il a fallu, une fois de plus, que ce soit des femmes qui parlent juste et tentent<\/p>\n<p align=\"left\">de rappeler quelques \u00e9l\u00e9ments incontournables de cette histoire qui opposa, il y a longtemps,<\/p>\n<p align=\"left\">une jeune fille de 13 ans et une c\u00e9l\u00e9brit\u00e9 de 30. Je ne peux m\u2019emp\u00eacher d\u2019imaginer ce qui se<\/p>\n<p align=\"left\">serait pass\u00e9 si les genres avaient \u00e9t\u00e9 invers\u00e9s?<\/p>\n<p align=\"left\">Alors, en attendant qu\u2019une hypoth\u00e9tique d\u00e9cision de justice vienne mettre un terme \u00e0 cette<\/p>\n<p align=\"left\">affaire, et d\u00e9clarer le \u201cpr\u00e9venu\u201d, coupable ou innocent, la seule culpabilit\u00e9 qui me semble<\/p>\n<p align=\"left\">clairement \u00e9tablie, c\u2019est celle de tous ces hommes qui ont choisi leur camp et jug\u00e9, malgr\u00e9 leur<\/p>\n<p align=\"left\">ignorance et \u00e0 cause de leur sexe.<\/p>\n<p align=\"left\">Car il me semble que dans cette affaire, la moindre des choses voudrait que chacun se taise<\/p>\n<p align=\"left\">et relise plut\u00f4t les propos, publi\u00e9s ironiquement dans le m\u00eame num\u00e9ro de Lib\u00e9ration, en page<\/p>\n<p>6, d\u2019Everjoice Win, chercheuse zimbabw\u00e9enne : \u201c<\/font><em><font face=\"Arial-ItalicMT\" size=\"3\"><\/font><font face=\"Arial-ItalicMT\" size=\"3\">Durant sa vie, une femme sur trois dans le<\/font><\/em><em><font face=\"Arial-ItalicMT\" size=\"3\"><\/font><font face=\"Arial-ItalicMT\" size=\"3\"><\/p>\n<p align=\"left\">monde subira de la violence ou une relation sexuelle non consentie<font face=\"ArialMT\" size=\"3\"><\/font><font face=\"ArialMT\" size=\"3\">\u201d et \u201c<\/font><\/p>\n<p><\/font><\/em><em><font face=\"Arial-ItalicMT\" size=\"3\"><\/font><font face=\"Arial-ItalicMT\" size=\"3\">Selon l\u2019OMS, 30% des<\/p>\n<p align=\"left\">premiers rapports sexuels se font sous la menace<font face=\"ArialMT\" size=\"3\"><\/font><font face=\"ArialMT\" size=\"3\">\u201d.<\/font><\/p>\n<p><\/font><\/p>\n<p><\/em><\/p>\n<p><font face=\"ArialMT\" size=\"2\"><\/font><font face=\"ArialMT\" size=\"2\"><\/p>\n<p align=\"left\">Olivier Doran<\/p>\n<p><\/font><font face=\"ArialMT\" size=\"3\"><\/font><font face=\"ArialMT\" size=\"3\">(r\u00e9alisateur, sc\u00e9nariste, com\u00e9die<\/p>\n<p><\/font><\/p>\n","protected":false},"excerpt":{"rendered":"<p>AFFAIRE POLANSKI : LA HONTE, COMME UN SEUL HOMME. Effarement, l\u00e2chet\u00e9, honte. En terminant la lecture de la r\u00e9action de Lola Lafon et Peggy Sastre, publi\u00e9e dans les pages Rebonds du 21 juillet, j\u2019ai r\u00e9alis\u00e9 que, tout au long de \u2026 <a class=\"continue-reading-link\" href=\"https:\/\/lolalafon.toile-libre.org\/blog\/?p=645\">Lire<\/a><\/p>\n","protected":false},"author":2,"featured_media":0,"comment_status":"open","ping_status":"open","sticky":false,"template":"","format":"standard","meta":{"footnotes":""},"categories":[2],"tags":[],"_links":{"self":[{"href":"https:\/\/lolalafon.toile-libre.org\/blog\/index.php?rest_route=\/wp\/v2\/posts\/645"}],"collection":[{"href":"https:\/\/lolalafon.toile-libre.org\/blog\/index.php?rest_route=\/wp\/v2\/posts"}],"about":[{"href":"https:\/\/lolalafon.toile-libre.org\/blog\/index.php?rest_route=\/wp\/v2\/types\/post"}],"author":[{"embeddable":true,"href":"https:\/\/lolalafon.toile-libre.org\/blog\/index.php?rest_route=\/wp\/v2\/users\/2"}],"replies":[{"embeddable":true,"href":"https:\/\/lolalafon.toile-libre.org\/blog\/index.php?rest_route=%2Fwp%2Fv2%2Fcomments&post=645"}],"version-history":[{"count":0,"href":"https:\/\/lolalafon.toile-libre.org\/blog\/index.php?rest_route=\/wp\/v2\/posts\/645\/revisions"}],"wp:attachment":[{"href":"https:\/\/lolalafon.toile-libre.org\/blog\/index.php?rest_route=%2Fwp%2Fv2%2Fmedia&parent=645"}],"wp:term":[{"taxonomy":"category","embeddable":true,"href":"https:\/\/lolalafon.toile-libre.org\/blog\/index.php?rest_route=%2Fwp%2Fv2%2Fcategories&post=645"},{"taxonomy":"post_tag","embeddable":true,"href":"https:\/\/lolalafon.toile-libre.org\/blog\/index.php?rest_route=%2Fwp%2Fv2%2Ftags&post=645"}],"curies":[{"name":"wp","href":"https:\/\/api.w.org\/{rel}","templated":true}]}}