{"id":597,"date":"2008-06-22T18:36:08","date_gmt":"2008-06-22T17:36:08","guid":{"rendered":"http:\/\/levaweb.free.fr\/wordpress\/?p=158"},"modified":"2008-06-22T18:36:08","modified_gmt":"2008-06-22T17:36:08","slug":"la-reponse-de-resf-a-hortefeux","status":"publish","type":"post","link":"https:\/\/lolalafon.toile-libre.org\/blog\/?p=597","title":{"rendered":"LA REPONSE DE RESF A HORTEFEUX"},"content":{"rendered":"<p>Pour le R\u00e9seau \u00c9ducation Sans Fronti\u00e8res Richard Moyon 16 juin 2008<\/p>\n<p>Monsieur le ministre, Vous avez souhait\u00e9 rencontrer des repr\u00e9sentants du R\u00e9seau \u00c9ducation Sans Fronti\u00e8res avant la pr\u00e9sidence fran\u00e7aise de l\u2019Union europ\u00e9enne. Dans le contexte actuel, une telle entrevue nous semble inutile. Nous ne r\u00e9pondrons pas \u00e0 votre invitation. Malgr\u00e9 les fortes r\u00e9ticences de certains d\u2019entre nous, dues entre autres \u00e0 l\u2019intitul\u00e9 de votre minist\u00e8re, nous avions accept\u00e9 d\u2019\u00eatre re\u00e7us l\u2019an dernier pour ne pas condamner votre politique avant que vous l\u2019ayez officiellement \u00e9nonc\u00e9e. Depuis lors vous avez fait vos preuves, au-del\u00e0 de tout ce qu\u2019on pouvait redouter. Vous avez fait voter une loi destin\u00e9e \u00e0 emp\u00eacher les parents et les enfants de vivre ensemble et jetant l\u2019opprobre sur une immigration dont votre texte insinue, par son existence m\u00eame, qu\u2019elle serait trop prolifique et aux filiations si douteuses qu\u2019il faudrait recourir aux tests ADN pour les \u00e9tablir &#8211; pratique jusqu\u2019alors r\u00e9serv\u00e9e aux affaires criminelles. Vous avez assign\u00e9 \u00e0 vos services l\u2019objectif de 25 000 expulsions en 2007, 26 000 en 2008, 28 000 en 2009, pr\u00e9cisant \u00e0 l\u2019unit\u00e9 pr\u00e8s, les quotas dus par chaque pr\u00e9fecture, comme s\u2019il s\u2019agissait de fret. Que n\u2019exprimez-vous vos objectifs en t\u00eates ou en quintaux ? Une expulsion est un cataclysme. C\u2019est tout \u00e0 la fois une arrestation inopin\u00e9e, un emprisonnement, la privation de son logement, un licenciement minute, la spoliation de la totalit\u00e9 de ses biens, parfois la s\u00e9paration brutale d\u2019avec son conjoint et ses enfants, la dislocation de tout lien avec son milieu et ses amis et une reconduite contrainte, \u00e9ventuellement assortie de violences. C\u2019est une humiliation totale dont on ne se remet pas. Le pays dans lequel on avait plac\u00e9 son espoir d\u2019une existence nouvelle, qu\u2019on avait parfois bataill\u00e9 des ann\u00e9es pour rejoindre, vous rejette, vous expulse et vous d\u00e9pose comme un d\u00e9chet, sans bagage, sur un tarmac o\u00f9 personne ne vous attend. M\u00eame quand les expuls\u00e9s ont des proches au pays, il arrive que la honte les emp\u00eache de les rejoindre : celui qui faisait vivre toute une famille est devenu une charge. Nombre d\u2019expuls\u00e9s finissent d\u00e9sesp\u00e9r\u00e9s, d\u00e9socialis\u00e9s, \u00e0 la rue, mendiants, fous ou suicid\u00e9s. Ces ravages ne sont ni des accidents, ni des faux frais de votre politique. Ils sont son essence m\u00eame. D\u00e9finissant le r\u00f4le de votre minist\u00e8re dans une lettre aux \u00e9v\u00eaques de France, vous assuriez : \u00ab Il faut [&#8230;] adresser un message clair aux candidats \u00e0 l\u2019\u00e9migration, en leur d\u00e9montrant que la clandestinit\u00e9 est une voie sans issue \u00bb. Comment faire cette d\u00e9monstration ? Toute l\u2019histoire en t\u00e9moigne, les seuls \u00ab messages clairs \u00bb susceptibles de faire fuir une population de l\u00e0 o\u00f9 elle est \u00e9tablie ou de l\u2019emp\u00eacher de se rendre l\u00e0 o\u00f9 elle esp\u00e8re un avenir sont la violence et la terreur. La soci\u00e9t\u00e9 fran\u00e7aise n\u2019est aujourd\u2019hui pas pr\u00eate \u00e0 accepter le recours \u00e0 la violence ouverte. Heureusement. Mais la longue liste des situations choquantes de brutalit\u00e9 engendr\u00e9es par votre politique t\u00e9moigne du risque d\u2019une d\u00e9rive. Quelques exemples, en quelques mois, \u00e0 Paris. 20 janvier 2008, Sena, 9 ans, passait 24h, seul, enferm\u00e9 chez lui, terroris\u00e9. Son p\u00e8re sans papiers \u00e9tait en garde \u00e0 vue au commissariat du 10e. 8 f\u00e9vrier, Osman, 2 ans et demi \u00e9tait seul pendant 3 jours, son p\u00e8re en r\u00e9tention \u00e0 Vincennes, sa m\u00e8re \u00e0 l\u2019h\u00f4pital en train d\u2019accoucher. 4 mars, C\u00e9cile, 6 ans et Sylvie, 5 ans, \u00e9taient seules, leurs parents en garde \u00e0 vue au commissariat du 20e&#8230; Mars, Jennifer, 2 ans et Yasmina, 2 mois et demi, seules pendant 15 jours, leurs parents en r\u00e9tention, lui \u00e0 Vincennes, elle \u00e0 Cit\u00e9&#8230; 27 mai 2008, Jeanne, 2 ans seule, son p\u00e8re en r\u00e9tention \u00e0 Vincennes, sa m\u00e8re alors au S\u00e9n\u00e9gal&#8230; A chaque fois, la police \u00e9tait inform\u00e9e que les enfants \u00e9taient seuls. A chaque fois, des parents, amis, militants du RESF ont veill\u00e9 \u00e0 la s\u00e9curit\u00e9 des enfants ; Samir, 19 ans, \u00e9l\u00e8ve du LP de Villeneuve sur Lot expuls\u00e9 moins de 24 heures apr\u00e8s son arrestation sur une convocation pi\u00e8ge. Des arrestations au domicile de familles enti\u00e8res. 240 enfants en r\u00e9tention en 2007. Yvan, Tch\u00e9tch\u00e8ne de 12 ans, rendu invalide apr\u00e8s \u00eatre pass\u00e9 par la fen\u00eatre \u00e0 Amiens en ao\u00fbt 2007 pour n\u2019avoir pas affaire \u00e0 la police fran\u00e7aise. Chunlan Zhang tu\u00e9e \u00e0 Belleville dans les m\u00eames circonstances. John Ma\u00efna, 19 ans, suicid\u00e9 en f\u00e9vrier 2008 en apprenant que l\u2019asile lui \u00e9tait refus\u00e9, Baba Traor\u00e9, 29 ans, noy\u00e9 dans la Marne en avril 2008 pour \u00e9chapper \u00e0 un contr\u00f4le de police. Ces morts, ces drames, ces automutilations, ce d\u00e9sespoir qu\u2019engendre votre action ne vous hantent-ils pas ? Etes-vous fier d\u2019imposer de telles missions \u00e0 vos services ? Il vous arrive d\u2019en dire peut-\u00eatre plus que vous ne le souhaiteriez. C\u2019est ainsi que vous d\u00e9clariez dans Le Figaro du 25 avril 2008 : \u00ab Si mon souci est de r\u00e9pondre aux besoins des secteurs en p\u00e9nurie de main d\u2019\u0153uvre, j\u2019ai aussi le devoir d\u2019accompagner l\u2019ensemble de la communaut\u00e9 nationale vers l\u2019emploi. [&#8230;] Dois-je laisser sur le bord de la route des \u00e9trangers qui ont fait l\u2019effort d\u2019entrer l\u00e9galement sur le territoire, de satisfaire le parcours d\u2019int\u00e9gration ? Faut-il sacrifier leurs enfants n\u00e9s ici ? [&#8230;]. Discours stup\u00e9fiant. Est-ce \u00e0 dire qu\u2019il y aurait des emplois \u00ab r\u00e9serv\u00e9s \u00bb ? Occup\u00e9s par des sans papiers aujourd\u2019hui, ils seraient \u00ab offerts \u00bb aux immigr\u00e9s en situation r\u00e9guli\u00e8re ou \u00e0 \u00ab leurs enfants n\u00e9s ici \u00bb, c\u2019est-\u00e0-dire Fran\u00e7ais pour la plupart mais n\u2019ayant pas la t\u00eate \u00e0 l\u2019\u00eatre assez pour qu\u2019on ne leur propose pas les emplois d\u00e9volus aux immigr\u00e9s. Jusqu\u2019\u00e0 combien de g\u00e9n\u00e9rations ? A trop finasser on s\u2019expose \u00e0 laisser \u00e9chapper une sottise &#8230; ou le fond de sa pens\u00e9e ? Il serait utile que vous vous expliquiez clairement et le cas \u00e9ch\u00e9ant, vous corrigiez ces propos. La directive \u00ab retour \u00bb que vous avez adopt\u00e9e avec vos coll\u00e8gues de l\u2019Union europ\u00e9enne place les \u00e9trangers sans papiers dans des conditions proches de celle de l\u2019\u00e9tat de si\u00e8ge : jusqu\u2019\u00e0 dix-huit mois d\u2019internement pour le seul fait d\u2019avoir franchi des fronti\u00e8res et de vouloir vivre en Europe ; r\u00e9tention et expulsion de mineurs et de personnes vuln\u00e9rables (femmes enceintes, personnes \u00e2g\u00e9es, victimes de torture&#8230;) ; possibilit\u00e9 d\u2019expulser des personnes vers un pays de transit, m\u00eame en l\u2019absence de lien avec ce pays ; interdiction de retour sur le territoire europ\u00e9en pour une dur\u00e9e de cinq ans de ceux ayant \u00e9t\u00e9 expuls\u00e9s ; absence d\u2019obligation de fournir un titre de s\u00e9jour aux \u00e9trangers souffrant de maladies graves ; application aux mineurs isol\u00e9s de l\u2019ensemble de ces mesures. Les objectifs que vous dites vouloir assigner \u00e0 la pr\u00e9sidence fran\u00e7aise (interdiction des r\u00e9gularisations, renforcement des actions polici\u00e8res, discours sur l\u2019aide au d\u00e9veloppement, identiques depuis 1970) sont dangereux et, de plus, inefficaces. Selon les chiffres de votre minist\u00e8re, de 200 \u00e0 400 000 \u00e9trangers sans papiers vivent en France. Il vous faudrait de 8 \u00e0 16 ans pour les expulser tous, au rythme de 25 000 par an, \u00e0 supposer qu\u2019il n\u2019y ait ni naissance, ni entr\u00e9e nouvelle. L\u2019action du RESF depuis quatre ans a contribu\u00e9 \u00e0 mettre en \u00e9vidence une \u00e9volution profonde de la soci\u00e9t\u00e9 fran\u00e7aise, l\u2019acceptation de ce qu\u2019elle est, une soci\u00e9t\u00e9 diversifi\u00e9e du point de vue de ses origines. Le courant auquel vous vous rattachez pr\u00e9tend par calcul politicien enrayer cette tendance de fond. A cette fin, il recourt \u00e0 des moyens attentatoires aux droits de l\u2019Homme et \u00e0 la dignit\u00e9. Nous sommes convaincus que si d\u2019aventure un manuel d\u2019histoire consacre un jour quelques lignes \u00e0 votre action, elles ne vous feront pas honneur. Ajoutons, pour finir que rien dans vos r\u00e9centes d\u00e9clarations ne laisse augurer un changement de votre politique ni m\u00eame l\u2019ouverture d\u2019un dialogue dont la seule fonction \u00e0 vos yeux semble \u00eatre une op\u00e9ration de communication en pr\u00e9lude \u00e0 la pr\u00e9sidence fran\u00e7aise de l\u2019Union europ\u00e9enne. Ces raisons, entre autres<br \/>\n, nous font d\u00e9cliner votre proposition d\u2019audience. Nous vous prions, Monsieur le ministre, d\u2019agr\u00e9er l\u2019expression de la consid\u00e9ration que m\u00e9rite votre politique. Pour le R\u00e9seau \u00c9ducation Sans Fronti\u00e8res Richard Moyon 16 juin 2008<\/p>\n","protected":false},"excerpt":{"rendered":"<p>Pour le R\u00e9seau \u00c9ducation Sans Fronti\u00e8res Richard Moyon 16 juin 2008 Monsieur le ministre, Vous avez souhait\u00e9 rencontrer des repr\u00e9sentants du R\u00e9seau \u00c9ducation Sans Fronti\u00e8res avant la pr\u00e9sidence fran\u00e7aise de l\u2019Union europ\u00e9enne. Dans le contexte actuel, une telle entrevue nous \u2026 <a class=\"continue-reading-link\" href=\"https:\/\/lolalafon.toile-libre.org\/blog\/?p=597\">Lire<\/a><\/p>\n","protected":false},"author":2,"featured_media":0,"comment_status":"open","ping_status":"open","sticky":false,"template":"","format":"standard","meta":{"footnotes":""},"categories":[2],"tags":[],"_links":{"self":[{"href":"https:\/\/lolalafon.toile-libre.org\/blog\/index.php?rest_route=\/wp\/v2\/posts\/597"}],"collection":[{"href":"https:\/\/lolalafon.toile-libre.org\/blog\/index.php?rest_route=\/wp\/v2\/posts"}],"about":[{"href":"https:\/\/lolalafon.toile-libre.org\/blog\/index.php?rest_route=\/wp\/v2\/types\/post"}],"author":[{"embeddable":true,"href":"https:\/\/lolalafon.toile-libre.org\/blog\/index.php?rest_route=\/wp\/v2\/users\/2"}],"replies":[{"embeddable":true,"href":"https:\/\/lolalafon.toile-libre.org\/blog\/index.php?rest_route=%2Fwp%2Fv2%2Fcomments&post=597"}],"version-history":[{"count":0,"href":"https:\/\/lolalafon.toile-libre.org\/blog\/index.php?rest_route=\/wp\/v2\/posts\/597\/revisions"}],"wp:attachment":[{"href":"https:\/\/lolalafon.toile-libre.org\/blog\/index.php?rest_route=%2Fwp%2Fv2%2Fmedia&parent=597"}],"wp:term":[{"taxonomy":"category","embeddable":true,"href":"https:\/\/lolalafon.toile-libre.org\/blog\/index.php?rest_route=%2Fwp%2Fv2%2Fcategories&post=597"},{"taxonomy":"post_tag","embeddable":true,"href":"https:\/\/lolalafon.toile-libre.org\/blog\/index.php?rest_route=%2Fwp%2Fv2%2Ftags&post=597"}],"curies":[{"name":"wp","href":"https:\/\/api.w.org\/{rel}","templated":true}]}}