{"id":584,"date":"2008-02-14T12:21:38","date_gmt":"2008-02-14T11:21:38","guid":{"rendered":"http:\/\/levaweb.free.fr\/wordpress\/?p=137"},"modified":"2008-02-14T12:21:38","modified_gmt":"2008-02-14T11:21:38","slug":"vendredi-15-fevrier-pour-et-avec-marina","status":"publish","type":"post","link":"https:\/\/lolalafon.toile-libre.org\/blog\/?p=584","title":{"rendered":"VENDREDI 15 FEVRIER, POUR ET AVEC MARINA"},"content":{"rendered":"<p>Demain soir, il y aura un concert de solidarit\u00e9 avec Marina Petralla.(voir tract ci dessous).<br \/>\nNous jouerons en compagnie d&rsquo;autres groupes, artistes. Ce n&rsquo;est \u00e9videmment pas grand chose de venir faire 7 ou 8 chansons quand il est question de prison. C&rsquo;est un minimum.<br \/>\nJ&rsquo;esp\u00e8re qu&rsquo;on sera nombreux en ces temps d&rsquo;hypnose g\u00e9n\u00e9ralis\u00e9e.<\/p>\n<p>\u00e0 tr\u00e8s vite<\/p>\n<p>lola<\/p>\n<h2 style=\"margin: auto 0cm\"><span style=\"color: #9b6900; font-family: 'Arial Narrow'\">La Cimade demande la lib\u00e9ration de Marina Petrella<\/span><span><o :p><\/o><\/span><\/h2>\n<p><span style=\"font-family: 'Arial Narrow'\">L\u2019Assembl\u00e9e g\u00e9n\u00e9rale de la Cimade, r\u00e9unie \u00e0 Paris le 26 janvier 2008, est inform\u00e9e de la menace d\u2019extradition qui p\u00e8se sur Madame Marina Petrella, Italienne r\u00e9fugi\u00e9e en France apr\u00e8s avoir \u00e9t\u00e9 condamn\u00e9e pour participation aux troubles des \u00abann\u00e9es de Plomb\u00bb qu\u2019a connues l\u2019Italie il y a vingt cinq ans. Elle est rest\u00e9e en France au b\u00e9n\u00e9fice des engagements solennels pris par le Pr\u00e9sident de la R\u00e9publique de ne jamais expulser les dizaines de r\u00e9fugi\u00e9s italiens arriv\u00e9s en France \u00e0 la m\u00eame \u00e9poque, \u00e0 condition qu\u2019ils aient renonc\u00e9 \u00e0 l\u2019usage de la violence.<\/span><span><o :p><\/o><\/span><span style=\"font-family: 'Arial Narrow'\">Marina Petrella a depuis v\u00e9cu en France une existence parfaitement r\u00e9guli\u00e8re, y a fond\u00e9 une famille et mis au monde une fille qui a maintenant onze ans. Son extradition serait regard\u00e9e comme un d\u00e9ni d\u2019humanit\u00e9 et un v\u00e9ritable d\u00e9shonneur pour violation d\u2019une parole donn\u00e9e.<\/span><span><o :p><\/o><\/span><span style=\"font-family: 'Arial Narrow'\">La Cimade demande qu\u2019elle soit lib\u00e9r\u00e9e et rendue \u00e0 une vie qu\u2019elle a largement consacr\u00e9e au service des autres. <\/span><span><o :p><\/o><\/span><span style=\"font-family: 'Arial Narrow'\">D\u00e9claration adopt\u00e9e \u00e0 l\u2019unanimit\u00e9<o :p><\/o><\/span><span style=\"font-family: 'Arial Narrow'\"><o :p>\u00a0<\/o><\/span><span style=\"font-family: 'Arial Narrow'\">Vous pouvez trouver cette r\u00e9solution sur le site de la Cimade\u00a0:<o :p><\/o><\/span><span><a href=\"http:\/\/www.cimade.org\/communiques\/584-La-Cimade-demande-la-liberation-de-Marina-Petrella\"><span style=\"font-family: 'Arial Narrow'\">http:\/\/www.cimade.org\/communiques\/584-La-Cimade-demande-la-liberation-de-Marina-Petrella<\/span><\/a><\/span><span style=\"font-family: 'Arial Narrow'\"><o :p><\/o><\/span><\/p>\n<p class=\"BHe\">Rappel &#8211; Concert de soutien \u00e0 Marina Petrella ce vendredi 15 f\u00e9vrier<\/p>\n<p class=\"Be\">\n<p class=\"DE\">Concert de solidarit\u00e9 avec Marina Petrella ce vendredi 15 f\u00e9vrier, avec Dominique Grange, Lola Laffon, Turtle Ramblers et La K-bine, \u00e0 20h., salle de la l\u00e9gion d&rsquo;honneur, 6 rue de la l\u00e9gion d&rsquo;honneur, M\u00e9tro Saint Denis Basilique (entr\u00e9e\u00a0: 5 euros). N&rsquo;h\u00e9sitez pas \u00e0 diffuser l&rsquo;information, affiche en premi\u00e8re page du site <a href=\"http:\/\/www.paroledonne.info\/\">www.paroledonne.info<\/a><\/p>\n<p>Voici quelques notes des collectifs de solidarit\u00e9 avec Marina Petrella, r\u00e9fugi\u00e9e italienne, incarc\u00e9r\u00e9e \u00e0 la prison de Fresnes depuis le mois d&rsquo;ao\u00fbt 2007.<\/p>\n<p>La chambre d&rsquo;instruction de la Cour d&rsquo;Appel de Versailles a, le 14 d\u00e9cembre dernier, pris la d\u00e9cision de valider l&rsquo;extradition de Marina Petrella, remettant en cause brutalement l&rsquo;asile dont elle a b\u00e9n\u00e9fici\u00e9 pendant 15 ans en France. Un pourvoi en cassation a \u00e9t\u00e9 introduit. Nous approchons donc du moment de la d\u00e9cision politique du gouvernement fran\u00e7ais puisqu&rsquo;en mati\u00e8re d&rsquo;extradition, l&rsquo;avis des juges, quand il valide une proc\u00e9dure, n&rsquo;est pas contraignant et qu&rsquo;il appartient donc aux autorit\u00e9s politiques fran\u00e7aises de d\u00e9cider au final du destin de Marina Petrella. En signant un \u00e9ventuel d\u00e9cret, les repr\u00e9sentants de la France d\u00e9cideraient d&rsquo;une extradition relative \u00e0 des faits remontants \u00e0 plus de 25 ans et condamneraient Marina \u00e0 finir ses jours dans les prisons italiennes, en ex\u00e9cution d&rsquo;une sentence prononc\u00e9e en Italie voici 13 ans, sentence s&rsquo;appuyant sur les \u00ab\u00a0lois d&rsquo;urgence\u00a0\u00bb du d\u00e9but des ann\u00e9es 80 et donc rendue en violation de toutes les r\u00e8gles d&rsquo;un proc\u00e8s \u00e9quitable. De surcro\u00eet, cette extradition constituerait une violation des engagements de la France et un d\u00e9ni du droit d&rsquo;asile. En effet, peu apr\u00e8s son investiture en France, Fran\u00e7ois Mitterrand avait accord\u00e9 \u00e0 quelques centaines d&rsquo;Italiens, en pleine connaissance des faits reproch\u00e9s, un asile en France \u00ab\u00a0\u00e0 l&rsquo;abri de toute sanction par voie d&rsquo;extradition\u00a0\u00bb pour autant qu&rsquo;ils renoncent d\u00e9finitivement \u00e0 toute forme de violence. Ce qu&rsquo;ils ont fait. La parole donn\u00e9e par la France a \u00e9t\u00e9 respect\u00e9e jusqu&rsquo;en 2002 par tous les gouvernements de gauche comme de droite, qui se sont succ\u00e9d\u00e9. Elle fut concr\u00e9tis\u00e9e par la r\u00e9gularisation administrative de tous les r\u00e9fugi\u00e9s italiens et la d\u00e9livrance de cartes de s\u00e9jour en bonne et due forme, rendant de ce fait possible la reconstruction de leur vie dans notre pays. Ainsi Marina, arriv\u00e9e en France en 1993 avec sa fille a\u00een\u00e9e alors tout enfant, a donn\u00e9 naissance \u00e0 une seconde fille aujourd&rsquo;hui \u00e2g\u00e9e de 10 ans, et s&rsquo;est investie depuis 15 ans dans son m\u00e9tier d&rsquo;assistante sociale. Pour t\u00e9moigner de leur d\u00e9termination \u00e0 emp\u00eacher la trahison de ses engagements par l&rsquo;\u00c9tat fran\u00e7ais et \u00e0 voir maintenir Marina Petrella sur le sol fran\u00e7ais, apr\u00e8s 15 ans d&rsquo;asile, les collectifs de solidarit\u00e9 avec Marina Petrella tiennent une permanence d&rsquo;information dans les locaux de la FASTI, 58 rue des Amandiers, 75020 Paris, m\u00e9tro P\u00e8re-Lachaise, tous les jours, de 17 \u00e0 19h. Un concert de solidarit\u00e9 est enfin organis\u00e9 vendredi 15 f\u00e9vrier, avec Dominique Grange, Lola Lafon, Turtle Ramblers et La K-bine, \u00e0 partir de 20h., salle de la l\u00e9gion d&rsquo;honneur, 6 rue de la l\u00e9gion d&rsquo;honneur, M\u00e9tro Saint Denis Basilique (entr\u00e9e\u00a0: 5 euros).<\/p>\n<p>Plus d&rsquo;informations et signature de l&rsquo;appel sur le site <a href=\"http:\/\/www.paroledonnee.info\/\">www.paroledonnee.info<\/a> Contact\u00a0: marinapetrella2007@yahoo.fr<\/p>\n","protected":false},"excerpt":{"rendered":"<p>Demain soir, il y aura un concert de solidarit\u00e9 avec Marina Petralla.(voir tract ci dessous). Nous jouerons en compagnie d&rsquo;autres groupes, artistes. Ce n&rsquo;est \u00e9videmment pas grand chose de venir faire 7 ou 8 chansons quand il est question de \u2026 <a class=\"continue-reading-link\" href=\"https:\/\/lolalafon.toile-libre.org\/blog\/?p=584\">Lire<\/a><\/p>\n","protected":false},"author":2,"featured_media":0,"comment_status":"open","ping_status":"open","sticky":false,"template":"","format":"standard","meta":{"footnotes":""},"categories":[2],"tags":[],"_links":{"self":[{"href":"https:\/\/lolalafon.toile-libre.org\/blog\/index.php?rest_route=\/wp\/v2\/posts\/584"}],"collection":[{"href":"https:\/\/lolalafon.toile-libre.org\/blog\/index.php?rest_route=\/wp\/v2\/posts"}],"about":[{"href":"https:\/\/lolalafon.toile-libre.org\/blog\/index.php?rest_route=\/wp\/v2\/types\/post"}],"author":[{"embeddable":true,"href":"https:\/\/lolalafon.toile-libre.org\/blog\/index.php?rest_route=\/wp\/v2\/users\/2"}],"replies":[{"embeddable":true,"href":"https:\/\/lolalafon.toile-libre.org\/blog\/index.php?rest_route=%2Fwp%2Fv2%2Fcomments&post=584"}],"version-history":[{"count":0,"href":"https:\/\/lolalafon.toile-libre.org\/blog\/index.php?rest_route=\/wp\/v2\/posts\/584\/revisions"}],"wp:attachment":[{"href":"https:\/\/lolalafon.toile-libre.org\/blog\/index.php?rest_route=%2Fwp%2Fv2%2Fmedia&parent=584"}],"wp:term":[{"taxonomy":"category","embeddable":true,"href":"https:\/\/lolalafon.toile-libre.org\/blog\/index.php?rest_route=%2Fwp%2Fv2%2Fcategories&post=584"},{"taxonomy":"post_tag","embeddable":true,"href":"https:\/\/lolalafon.toile-libre.org\/blog\/index.php?rest_route=%2Fwp%2Fv2%2Ftags&post=584"}],"curies":[{"name":"wp","href":"https:\/\/api.w.org\/{rel}","templated":true}]}}