{"id":502,"date":"2006-03-29T18:28:04","date_gmt":"2006-03-29T17:28:04","guid":{"rendered":"http:\/\/levaweb.free.fr\/wordpress\/?p=32"},"modified":"2006-03-29T18:28:04","modified_gmt":"2006-03-29T17:28:04","slug":"jetables","status":"publish","type":"post","link":"https:\/\/lolalafon.toile-libre.org\/blog\/?p=502","title":{"rendered":"jetables"},"content":{"rendered":"<p>En concert \u00e0 Amiens, j&rsquo;ai suivi la grande manif d&rsquo;hier \u00e0 travers des bribes de radio, t\u00e9l\u00e9.<br \/>\nComme je n&rsquo;ai pas la t\u00e9l\u00e9 depuis \u00e0 peu pr\u00e8s &#8230;. 10 ans, regarder un J.T est toujours un grand moment de fascination pour moi.<br \/>\nJe zappe sur trois cha\u00eenes et, sur trois fois, j&rsquo;ai le droit \u00e0 un reportage sur des flics qui \u00ab\u00a0ma\u00eetrisent\u00a0\u00bb contr\u00f4lent pr\u00e9voient .<br \/>\nAvec \u00e0 chaque fois l&rsquo;image du \u00ab\u00a0contr\u00f4l\u00e9\u00a0\u00bb \u00e0 casquette, noir ou arabe.<br \/>\n Image zapp\u00e9e, redoubl\u00e9e, odieuse  d&rsquo;\u00e9vidences racistes.<\/p>\n<p>Cet apr\u00e8s midi, je rejoins Gr\u00e9goire de T\u00eates Raides \u00e0 la conf\u00e9rence presse qui annonce le concert manif de Dimanche 2 Avril, place de la R\u00e9publique.<br \/>\non parle des rafles effectu\u00e9es par la police fran\u00e7aise, des charters syst\u00e9matiques, des \u00ab\u00a0bons \u00ab\u00a0immigr\u00e9s dont  la France vole le cerveau le savoir les jambes.<br \/>\nDes \u00ab\u00a0mauvais\u00a0\u00bb pauvres qu&rsquo;on traque dans les rues, le m\u00e9tro, des enfants que la Police va chercher maintenant jusque dans les \u00e9coles.<\/p>\n<p>De ceux qui ont effectu\u00e9 1\/3 des travaux pour construire le TGV M\u00e9diterrann\u00e9e.<br \/>\nLes jetables<\/p>\n<p>Je pense \u00e0 mon grand p\u00e8re, bi\u00e9lorusse qui a fui son pays vers la France, \u00ab\u00a0patrie de Victor Hogo et des Droits de l&rsquo;Homme \u00ab\u00a0comme il me r\u00e9p\u00e9tait avec son accent \u00e9norrrrrrme, un sourire jusqu&rsquo;aux yeux.<br \/>\nJe n&rsquo;oublie pas que mon grand p\u00e8re est mort apatride<br \/>\nsans papiers<br \/>\nlola<\/p>\n","protected":false},"excerpt":{"rendered":"<p>En concert \u00e0 Amiens, j&rsquo;ai suivi la grande manif d&rsquo;hier \u00e0 travers des bribes de radio, t\u00e9l\u00e9. Comme je n&rsquo;ai pas la t\u00e9l\u00e9 depuis \u00e0 peu pr\u00e8s &#8230;. 10 ans, regarder un J.T est toujours un grand moment de fascination \u2026 <a class=\"continue-reading-link\" href=\"https:\/\/lolalafon.toile-libre.org\/blog\/?p=502\">Lire<\/a><\/p>\n","protected":false},"author":2,"featured_media":0,"comment_status":"open","ping_status":"open","sticky":false,"template":"","format":"standard","meta":{"footnotes":""},"categories":[2],"tags":[],"_links":{"self":[{"href":"https:\/\/lolalafon.toile-libre.org\/blog\/index.php?rest_route=\/wp\/v2\/posts\/502"}],"collection":[{"href":"https:\/\/lolalafon.toile-libre.org\/blog\/index.php?rest_route=\/wp\/v2\/posts"}],"about":[{"href":"https:\/\/lolalafon.toile-libre.org\/blog\/index.php?rest_route=\/wp\/v2\/types\/post"}],"author":[{"embeddable":true,"href":"https:\/\/lolalafon.toile-libre.org\/blog\/index.php?rest_route=\/wp\/v2\/users\/2"}],"replies":[{"embeddable":true,"href":"https:\/\/lolalafon.toile-libre.org\/blog\/index.php?rest_route=%2Fwp%2Fv2%2Fcomments&post=502"}],"version-history":[{"count":0,"href":"https:\/\/lolalafon.toile-libre.org\/blog\/index.php?rest_route=\/wp\/v2\/posts\/502\/revisions"}],"wp:attachment":[{"href":"https:\/\/lolalafon.toile-libre.org\/blog\/index.php?rest_route=%2Fwp%2Fv2%2Fmedia&parent=502"}],"wp:term":[{"taxonomy":"category","embeddable":true,"href":"https:\/\/lolalafon.toile-libre.org\/blog\/index.php?rest_route=%2Fwp%2Fv2%2Fcategories&post=502"},{"taxonomy":"post_tag","embeddable":true,"href":"https:\/\/lolalafon.toile-libre.org\/blog\/index.php?rest_route=%2Fwp%2Fv2%2Ftags&post=502"}],"curies":[{"name":"wp","href":"https:\/\/api.w.org\/{rel}","templated":true}]}}